[{"@context":"https:\/\/schema.org\/","@type":"Article","@id":"https:\/\/www.sunberg.cz\/spindleruv-mlyn\/#Article","mainEntityOfPage":"https:\/\/www.sunberg.cz\/spindleruv-mlyn\/","headline":"\u0160pindler\u016fv ml\u00fdn","name":"\u0160pindler\u016fv ml\u00fdn","description":"Kdybyste si m\u011bli vybrat jedno m\u00edsto, kter\u00e9 by bylo va\u0161e nejobl\u00edben\u011bj\u0161\u00ed pro va\u0161i dovolenou, tak jak\u00e9 by to bylo? Mnoho lid\u00ed pr\u00e1v\u011b chce n\u011bjak\u00e9 Maledivy anebo Thajsko a hlavn\u011b to, kde je opravdu velik\u00e9 teplo. A nezn\u00e1m opravdu nikoho, kter\u00fd by dal asi p\u0159ednost n\u011bjak\u00e9mu zimn\u00edmu po\u010das\u00ed. Ale zase je tak\u00e9 \u010dlov\u011bk, kter\u00fd zase \u0159\u00edk\u00e1, \u017ee by nikdy nejel k mo\u0159i, \u017ee jezd\u00ed jenom tam, kde st\u0159edn\u00ed teplota. A v\u016fbec<div class=\"belowpost\"><a class=\"btnmore\" href=\"https:\/\/www.sunberg.cz\/spindleruv-mlyn\/\">\u010c\u00edst d\u00e1le<\/a><\/div>","datePublished":"2024-07-31","dateModified":"2024-07-31","author":{"@type":"Person","@id":"https:\/\/www.sunberg.cz\/author\/#Person","name":"","url":"https:\/\/www.sunberg.cz\/author\/","identifier":1,"image":{"@type":"ImageObject","@id":"https:\/\/secure.gravatar.com\/avatar\/0dc285cbe86eecc8073f119fcb2e2c7032b51533f5bb47611c7d4a598558b8b7?s=96&d=mm&r=g","url":"https:\/\/secure.gravatar.com\/avatar\/0dc285cbe86eecc8073f119fcb2e2c7032b51533f5bb47611c7d4a598558b8b7?s=96&d=mm&r=g","height":96,"width":96}},"publisher":{"@type":"Organization","name":"sunberg.cz","logo":{"@type":"ImageObject","@id":"\/logo.png","url":"\/logo.png","width":600,"height":60}},"image":{"@type":"ImageObject","@id":"https:\/\/www.sunberg.cz\/wp-content\/uploads\/history-2277366_1280.jpg","url":"https:\/\/www.sunberg.cz\/wp-content\/uploads\/history-2277366_1280.jpg","height":0,"width":0},"url":"https:\/\/www.sunberg.cz\/spindleruv-mlyn\/","about":["Dovolen\u00e1\r"],"wordCount":437,"articleBody":"Kdybyste si m\u011bli vybrat jedno m\u00edsto, kter\u00e9 by bylo va\u0161e nejobl\u00edben\u011bj\u0161\u00ed pro va\u0161i dovolenou, tak jak\u00e9 by to bylo? Mnoho lid\u00ed pr\u00e1v\u011b chce n\u011bjak\u00e9 Maledivy anebo Thajsko a hlavn\u011b to, kde je opravdu velik\u00e9 teplo. A nezn\u00e1m opravdu nikoho, kter\u00fd by dal asi p\u0159ednost n\u011bjak\u00e9mu zimn\u00edmu po\u010das\u00ed. Ale zase je tak\u00e9 \u010dlov\u011bk, kter\u00fd zase \u0159\u00edk\u00e1, \u017ee by nikdy nejel k mo\u0159i, \u017ee jezd\u00ed jenom tam, kde st\u0159edn\u00ed teplota. A v\u016fbec jsem tohle nepochopila a on mi \u0159ekl, \u017ee jezd\u00ed pouze jenom po Evrop\u011b a \u017ee m\u00e1 r\u00e1d jenom takov\u00e9 ty p\u0159\u00edmo\u0159sk\u00e9 st\u00e1ty, ale sp\u00ed\u0161e v tom zimn\u00edm obdob\u00ed. A pr\u00fd nem\u00e1 r\u00e1d\u00a0zimu, ale ani nem\u00e1 r\u00e1d opravdu moc vysok\u00e9 teploty, tak\u017ee v\u017edycky t\u0159eba do It\u00e1lie jede n\u011bkdy v listopadu, a to je pr\u00fd takov\u00e9 p\u0159\u00edjemn\u00e9 italsk\u00e9 podneb\u00ed, \u017ee se mu to l\u00edb\u00ed a str\u00e1v\u00ed tam t\u0159eba klidn\u011b i dva\u00a0nebo t\u0159i\u00a0t\u00fddny. Podle m\u00e9ho n\u00e1zoru tohle je \u00fapln\u011b jedno. Kdy\u017e tohle \u010dlov\u011bku vyhovuje a opravdu je s t\u00edm nad\u0161en\u00fd a je s t\u00edm r\u00e1d, tak pro\u010d ne? Kdy\u017e \u010dlov\u011bku vyhovuje n\u011bco takov\u00e9ho, \u017ee se mu tam l\u00edb\u00ed, tak si mysl\u00edm, \u017ee tohle je naprosto norm\u00e1ln\u00ed. Je to \u00fapln\u011b norm\u00e1ln\u00ed v tom, \u017ee kdy\u017e \u010dlov\u011bk se c\u00edt\u00ed na dovolen\u00e9 opravdu v pohod\u011b. Tak by tam m\u011bl b\u00fdt a nem\u011bl by se pt\u00e1t n\u011bkoho, jestli je to vhodn\u00e9 anebo nen\u00ed to vhodn\u00e9. J\u00e1 nejrad\u011bji jezd\u00edm do \u0160pan\u011blska.Byla jsem tak\u00e9 n\u011bkolikr\u00e1t v Chorvatsku a \u0159eknu v\u00e1m, \u017ee nejlep\u0161\u00ed dovolen\u00e1 pr\u00e1v\u011b byla v Chorvatsku, proto\u017ee tam jsem je\u0161t\u011b byla s celou svou rodinou. Bohu\u017eel otec u\u017e nen\u00ed mezi n\u00e1mi. A to m\u011b pr\u00e1v\u011b mrz\u00ed, proto\u017ee u\u017e s otcem nebudeme nikdy na dovolen\u00e9. A s\u00a0otcem neza\u017eiji u\u017e tolik z\u00e1bavy a tolik srandy, jako u\u017e jsem si je\u0161t\u011b u\u017e\u00edvala naposledy p\u0159ed \u0161esti\u00a0roky. To mi bylo p\u011btadvacet let. Mus\u00edm uznat, \u017ee otec mi moc chyb\u00ed a je \u0161koda, \u017ee u\u017e na dovolen\u00e9 s n\u00e1mi nikdy nebude. Ale co takov\u00fdto je \u017eivot.\u00a0A kdy\u017e u\u017e se bav\u00edme o dovolen\u00e9, tak chyst\u00e1te n\u011bjakou v\u00e1no\u010dn\u00ed zimn\u00ed dovolenou? My s partnerem ano. My\u00a0se hodl\u00e1me pod\u00edvat do \u0160pindlerova ml\u00fdna. U\u017e to m\u00e1me zarezervovan\u00e9.\u00a0                                                                                                                                                                                                                                                                                                                                                                                        4.2\/5 - (12 votes)        "},{"@context":"https:\/\/schema.org\/","@type":"BreadcrumbList","itemListElement":[{"@type":"ListItem","position":1,"name":"\u0160pindler\u016fv ml\u00fdn","item":"https:\/\/www.sunberg.cz\/spindleruv-mlyn\/#breadcrumbitem"}]}]