[{"@context":"https:\/\/schema.org\/","@type":"Blog","@id":"https:\/\/www.sunberg.cz#Blog","headline":"Sun berg","description":"\nNa na\u0161em webu nes\u00e1z\u00edme na \u017e\u00e1dn\u00e9 l\u00edbiv\u00e9 pozl\u00e1tko. N\u00e1m tu z\u00e1le\u017e\u00ed v\u00fdhradn\u011b na rad\u00e1ch, je\u017e jsou vysloven\u011b nad zlato. A to v\u00fdhradn\u011b ve va\u0161em z\u00e1jmu.","url":"https:\/\/www.sunberg.cz","hasPart":[{"@type":"Article","@id":"https:\/\/www.sunberg.cz\/co-vse-nabizi-rozvoz-kvetin-liberec\/","headline":"Co v\u0161e nab\u00edz\u00ed rozvoz kv\u011btin Liberec","url":"https:\/\/www.sunberg.cz\/co-vse-nabizi-rozvoz-kvetin-liberec\/","datePublished":"2020-09-21","dateModified":"2023-05-10","mainEntityOfPage":"https:\/\/www.sunberg.cz\/co-vse-nabizi-rozvoz-kvetin-liberec\/","author":{"@type":"Person","@id":"https:\/\/www.sunberg.cz\/author\/#Person","name":"","url":"https:\/\/www.sunberg.cz\/author\/","identifier":1,"image":{"@type":"ImageObject","@id":"https:\/\/secure.gravatar.com\/avatar\/0dc285cbe86eecc8073f119fcb2e2c7032b51533f5bb47611c7d4a598558b8b7?s=96&d=mm&r=g","url":"https:\/\/secure.gravatar.com\/avatar\/0dc285cbe86eecc8073f119fcb2e2c7032b51533f5bb47611c7d4a598558b8b7?s=96&d=mm&r=g","height":96,"width":96}},"publisher":{"@type":"Organization","name":"sunberg.cz","logo":{"@type":"ImageObject","@id":"\/logo.png","url":"\/logo.png","width":600,"height":60}},"image":{"@type":"ImageObject","@id":"https:\/\/www.sunberg.cz\/wp-content\/uploads\/img_a386381_w1887_t1599639511.jpg","url":"https:\/\/www.sunberg.cz\/wp-content\/uploads\/img_a386381_w1887_t1599639511.jpg","height":0,"width":0},"wordCount":516,"keywords":null},{"@type":"Article","@id":"https:\/\/www.sunberg.cz\/celorocne-obyvatelne-mobilni-domy-vas-mohou-i-prezit\/","headline":"Celoro\u010dn\u011b obyvateln\u00e9 mobiln\u00ed domy v\u00e1s mohou i p\u0159e\u017e\u00edt","url":"https:\/\/www.sunberg.cz\/celorocne-obyvatelne-mobilni-domy-vas-mohou-i-prezit\/","datePublished":"2020-09-16","dateModified":"2023-05-10","mainEntityOfPage":"https:\/\/www.sunberg.cz\/celorocne-obyvatelne-mobilni-domy-vas-mohou-i-prezit\/","author":{"@type":"Person","@id":"https:\/\/www.sunberg.cz\/author\/#Person","name":"","url":"https:\/\/www.sunberg.cz\/author\/","identifier":1,"image":{"@type":"ImageObject","@id":"https:\/\/secure.gravatar.com\/avatar\/0dc285cbe86eecc8073f119fcb2e2c7032b51533f5bb47611c7d4a598558b8b7?s=96&d=mm&r=g","url":"https:\/\/secure.gravatar.com\/avatar\/0dc285cbe86eecc8073f119fcb2e2c7032b51533f5bb47611c7d4a598558b8b7?s=96&d=mm&r=g","height":96,"width":96}},"publisher":{"@type":"Organization","name":"sunberg.cz","logo":{"@type":"ImageObject","@id":"\/logo.png","url":"\/logo.png","width":600,"height":60}},"image":{"@type":"ImageObject","@id":"https:\/\/www.sunberg.cz\/wp-content\/uploads\/plot%20u%20domu_1.jpg","url":"https:\/\/www.sunberg.cz\/wp-content\/uploads\/plot%20u%20domu_1.jpg","height":0,"width":0},"wordCount":559,"keywords":null},{"@type":"Article","@id":"https:\/\/www.sunberg.cz\/zubni-ordinace-liberec\/","headline":"Zubn\u00ed ordinace Liberec","url":"https:\/\/www.sunberg.cz\/zubni-ordinace-liberec\/","datePublished":"2020-09-15","dateModified":"2023-05-10","mainEntityOfPage":"https:\/\/www.sunberg.cz\/zubni-ordinace-liberec\/","author":{"@type":"Person","@id":"https:\/\/www.sunberg.cz\/author\/#Person","name":"","url":"https:\/\/www.sunberg.cz\/author\/","identifier":1,"image":{"@type":"ImageObject","@id":"https:\/\/secure.gravatar.com\/avatar\/0dc285cbe86eecc8073f119fcb2e2c7032b51533f5bb47611c7d4a598558b8b7?s=96&d=mm&r=g","url":"https:\/\/secure.gravatar.com\/avatar\/0dc285cbe86eecc8073f119fcb2e2c7032b51533f5bb47611c7d4a598558b8b7?s=96&d=mm&r=g","height":96,"width":96}},"publisher":{"@type":"Organization","name":"sunberg.cz","logo":{"@type":"ImageObject","@id":"\/logo.png","url":"\/logo.png","width":600,"height":60}},"image":{"@type":"ImageObject","@id":"https:\/\/www.sunberg.cz\/wp-content\/uploads\/zubn%C3%AD%20k%C5%99eslo.png","url":"https:\/\/www.sunberg.cz\/wp-content\/uploads\/zubn%C3%AD%20k%C5%99eslo.png","height":0,"width":0},"wordCount":780,"keywords":null},{"@type":"Article","@id":"https:\/\/www.sunberg.cz\/proc-matky-by-mely-investovat-nejen-do-svych-deti\/","headline":"Pro\u010d matky by m\u011bly investovat nejen do sv\u00fdch d\u011bt\u00ed","url":"https:\/\/www.sunberg.cz\/proc-matky-by-mely-investovat-nejen-do-svych-deti\/","datePublished":"2020-09-12","dateModified":"2023-05-10","mainEntityOfPage":"https:\/\/www.sunberg.cz\/proc-matky-by-mely-investovat-nejen-do-svych-deti\/","author":{"@type":"Person","@id":"https:\/\/www.sunberg.cz\/author\/#Person","name":"","url":"https:\/\/www.sunberg.cz\/author\/","identifier":1,"image":{"@type":"ImageObject","@id":"https:\/\/secure.gravatar.com\/avatar\/0dc285cbe86eecc8073f119fcb2e2c7032b51533f5bb47611c7d4a598558b8b7?s=96&d=mm&r=g","url":"https:\/\/secure.gravatar.com\/avatar\/0dc285cbe86eecc8073f119fcb2e2c7032b51533f5bb47611c7d4a598558b8b7?s=96&d=mm&r=g","height":96,"width":96}},"publisher":{"@type":"Organization","name":"sunberg.cz","logo":{"@type":"ImageObject","@id":"\/logo.png","url":"\/logo.png","width":600,"height":60}},"image":{"@type":"ImageObject","@id":"https:\/\/www.sunberg.cz\/wp-content\/uploads\/img_a330512_w2709_t1543056541.jpg","url":"https:\/\/www.sunberg.cz\/wp-content\/uploads\/img_a330512_w2709_t1543056541.jpg","height":0,"width":0},"wordCount":594,"keywords":null},{"@type":"Article","@id":"https:\/\/www.sunberg.cz\/jak-se-ucinne-branit-pusobeni-elektrosmogu\/","headline":"Jak se \u00fa\u010dinn\u011b br\u00e1nit p\u016fsoben\u00ed elektrosmogu?","url":"https:\/\/www.sunberg.cz\/jak-se-ucinne-branit-pusobeni-elektrosmogu\/","datePublished":"2020-09-10","dateModified":"2023-05-10","mainEntityOfPage":"https:\/\/www.sunberg.cz\/jak-se-ucinne-branit-pusobeni-elektrosmogu\/","author":{"@type":"Person","@id":"https:\/\/www.sunberg.cz\/author\/#Person","name":"","url":"https:\/\/www.sunberg.cz\/author\/","identifier":1,"image":{"@type":"ImageObject","@id":"https:\/\/secure.gravatar.com\/avatar\/0dc285cbe86eecc8073f119fcb2e2c7032b51533f5bb47611c7d4a598558b8b7?s=96&d=mm&r=g","url":"https:\/\/secure.gravatar.com\/avatar\/0dc285cbe86eecc8073f119fcb2e2c7032b51533f5bb47611c7d4a598558b8b7?s=96&d=mm&r=g","height":96,"width":96}},"publisher":{"@type":"Organization","name":"sunberg.cz","logo":{"@type":"ImageObject","@id":"\/logo.png","url":"\/logo.png","width":600,"height":60}},"image":{"@type":"ImageObject","@id":"https:\/\/www.sunberg.cz\/wp-content\/uploads\/img_a308351_w2037_t1519464779.jpg","url":"https:\/\/www.sunberg.cz\/wp-content\/uploads\/img_a308351_w2037_t1519464779.jpg","height":0,"width":0},"wordCount":522,"keywords":null},{"@type":"Article","@id":"https:\/\/www.sunberg.cz\/dovolena-na-ozdravne-kuze-v-laznich\/","headline":"Dovolen\u00e1 na ozdravn\u00e9 k\u016f\u017ee v l\u00e1zn\u00edch","url":"https:\/\/www.sunberg.cz\/dovolena-na-ozdravne-kuze-v-laznich\/","datePublished":"2020-09-06","dateModified":"2023-05-10","mainEntityOfPage":"https:\/\/www.sunberg.cz\/dovolena-na-ozdravne-kuze-v-laznich\/","author":{"@type":"Person","@id":"https:\/\/www.sunberg.cz\/author\/#Person","name":"","url":"https:\/\/www.sunberg.cz\/author\/","identifier":1,"image":{"@type":"ImageObject","@id":"https:\/\/secure.gravatar.com\/avatar\/0dc285cbe86eecc8073f119fcb2e2c7032b51533f5bb47611c7d4a598558b8b7?s=96&d=mm&r=g","url":"https:\/\/secure.gravatar.com\/avatar\/0dc285cbe86eecc8073f119fcb2e2c7032b51533f5bb47611c7d4a598558b8b7?s=96&d=mm&r=g","height":96,"width":96}},"publisher":{"@type":"Organization","name":"sunberg.cz","logo":{"@type":"ImageObject","@id":"\/logo.png","url":"\/logo.png","width":600,"height":60}},"image":{"@type":"ImageObject","@id":"https:\/\/www.sunberg.cz\/wp-content\/uploads\/img_a288381_w2175_t1498751115.jpg","url":"https:\/\/www.sunberg.cz\/wp-content\/uploads\/img_a288381_w2175_t1498751115.jpg","height":0,"width":0},"wordCount":555,"keywords":null},{"@type":"Article","@id":"https:\/\/www.sunberg.cz\/odpovida-u-pripravku-adipex-retard-cena-ucinku\/","headline":"Odpov\u00edd\u00e1 u p\u0159\u00edpravku Adipex retard cena \u00fa\u010dinku?","url":"https:\/\/www.sunberg.cz\/odpovida-u-pripravku-adipex-retard-cena-ucinku\/","datePublished":"2020-08-09","dateModified":"2023-05-10","mainEntityOfPage":"https:\/\/www.sunberg.cz\/odpovida-u-pripravku-adipex-retard-cena-ucinku\/","author":{"@type":"Person","@id":"https:\/\/www.sunberg.cz\/author\/#Person","name":"","url":"https:\/\/www.sunberg.cz\/author\/","identifier":1,"image":{"@type":"ImageObject","@id":"https:\/\/secure.gravatar.com\/avatar\/0dc285cbe86eecc8073f119fcb2e2c7032b51533f5bb47611c7d4a598558b8b7?s=96&d=mm&r=g","url":"https:\/\/secure.gravatar.com\/avatar\/0dc285cbe86eecc8073f119fcb2e2c7032b51533f5bb47611c7d4a598558b8b7?s=96&d=mm&r=g","height":96,"width":96}},"publisher":{"@type":"Organization","name":"sunberg.cz","logo":{"@type":"ImageObject","@id":"\/logo.png","url":"\/logo.png","width":600,"height":60}},"image":{"@type":"ImageObject","@id":"https:\/\/www.sunberg.cz\/wp-content\/uploads\/detox2_7.jpg","url":"https:\/\/www.sunberg.cz\/wp-content\/uploads\/detox2_7.jpg","height":0,"width":0},"wordCount":553,"keywords":null},{"@type":"Article","@id":"https:\/\/www.sunberg.cz\/zeolit-oceni-majitele-bazenu-akvariste-i-zahradkari\/","headline":"Zeolit ocen\u00ed majitel\u00e9 baz\u00e9n\u016f, akvarist\u00e9 i zahr\u00e1dk\u00e1\u0159i","url":"https:\/\/www.sunberg.cz\/zeolit-oceni-majitele-bazenu-akvariste-i-zahradkari\/","datePublished":"2020-08-08","dateModified":"2023-05-10","mainEntityOfPage":"https:\/\/www.sunberg.cz\/zeolit-oceni-majitele-bazenu-akvariste-i-zahradkari\/","author":{"@type":"Person","@id":"https:\/\/www.sunberg.cz\/author\/#Person","name":"","url":"https:\/\/www.sunberg.cz\/author\/","identifier":1,"image":{"@type":"ImageObject","@id":"https:\/\/secure.gravatar.com\/avatar\/0dc285cbe86eecc8073f119fcb2e2c7032b51533f5bb47611c7d4a598558b8b7?s=96&d=mm&r=g","url":"https:\/\/secure.gravatar.com\/avatar\/0dc285cbe86eecc8073f119fcb2e2c7032b51533f5bb47611c7d4a598558b8b7?s=96&d=mm&r=g","height":96,"width":96}},"publisher":{"@type":"Organization","name":"sunberg.cz","logo":{"@type":"ImageObject","@id":"\/logo.png","url":"\/logo.png","width":600,"height":60}},"image":{"@type":"ImageObject","@id":"https:\/\/www.sunberg.cz\/wp-content\/uploads\/plaveck%C3%BD%20venkovn%C3%AD%20baz%C3%A9n.jpg","url":"https:\/\/www.sunberg.cz\/wp-content\/uploads\/plaveck%C3%BD%20venkovn%C3%AD%20baz%C3%A9n.jpg","height":0,"width":0},"wordCount":545,"keywords":null},{"@type":"Article","@id":"https:\/\/www.sunberg.cz\/skakanim-na-trampoline-proti-obezite\/","headline":"Sk\u00e1k\u00e1n\u00edm na trampol\u00edn\u011b proti obezit\u011b","url":"https:\/\/www.sunberg.cz\/skakanim-na-trampoline-proti-obezite\/","datePublished":"2020-07-17","dateModified":"2023-05-10","mainEntityOfPage":"https:\/\/www.sunberg.cz\/skakanim-na-trampoline-proti-obezite\/","author":{"@type":"Person","@id":"https:\/\/www.sunberg.cz\/author\/#Person","name":"","url":"https:\/\/www.sunberg.cz\/author\/","identifier":1,"image":{"@type":"ImageObject","@id":"https:\/\/secure.gravatar.com\/avatar\/0dc285cbe86eecc8073f119fcb2e2c7032b51533f5bb47611c7d4a598558b8b7?s=96&d=mm&r=g","url":"https:\/\/secure.gravatar.com\/avatar\/0dc285cbe86eecc8073f119fcb2e2c7032b51533f5bb47611c7d4a598558b8b7?s=96&d=mm&r=g","height":96,"width":96}},"publisher":{"@type":"Organization","name":"sunberg.cz","logo":{"@type":"ImageObject","@id":"\/logo.png","url":"\/logo.png","width":600,"height":60}},"image":{"@type":"ImageObject","@id":"https:\/\/www.sunberg.cz\/wp-content\/uploads\/trampol%C3%ADna%20s%20ochrannou%20s%C3%ADt%C3%AD_6.jpg","url":"https:\/\/www.sunberg.cz\/wp-content\/uploads\/trampol%C3%ADna%20s%20ochrannou%20s%C3%ADt%C3%AD_6.jpg","height":0,"width":0},"wordCount":632,"keywords":null},{"@type":"Article","@id":"https:\/\/www.sunberg.cz\/co-by-nemelo-chybet-v-detskem-pokojicku-vybavte-detem-pokoj-stylove\/","headline":"Co by nem\u011blo chyb\u011bt v d\u011btsk\u00e9m pokoj\u00ed\u010dku &#8211; vybavte d\u011btem pokoj stylov\u011b","url":"https:\/\/www.sunberg.cz\/co-by-nemelo-chybet-v-detskem-pokojicku-vybavte-detem-pokoj-stylove\/","datePublished":"2020-07-12","dateModified":"2023-05-10","mainEntityOfPage":"https:\/\/www.sunberg.cz\/co-by-nemelo-chybet-v-detskem-pokojicku-vybavte-detem-pokoj-stylove\/","author":{"@type":"Person","@id":"https:\/\/www.sunberg.cz\/author\/#Person","name":"","url":"https:\/\/www.sunberg.cz\/author\/","identifier":1,"image":{"@type":"ImageObject","@id":"https:\/\/secure.gravatar.com\/avatar\/0dc285cbe86eecc8073f119fcb2e2c7032b51533f5bb47611c7d4a598558b8b7?s=96&d=mm&r=g","url":"https:\/\/secure.gravatar.com\/avatar\/0dc285cbe86eecc8073f119fcb2e2c7032b51533f5bb47611c7d4a598558b8b7?s=96&d=mm&r=g","height":96,"width":96}},"publisher":{"@type":"Organization","name":"sunberg.cz","logo":{"@type":"ImageObject","@id":"\/logo.png","url":"\/logo.png","width":600,"height":60}},"image":{"@type":"ImageObject","@id":"https:\/\/www.sunberg.cz\/wp-content\/uploads\/pexels-photo-1741230.jpeg","url":"https:\/\/www.sunberg.cz\/wp-content\/uploads\/pexels-photo-1741230.jpeg","height":0,"width":0},"wordCount":641,"keywords":null}]},{"@context":"https:\/\/schema.org","@type":"WebSite","@id":"https:\/\/www.sunberg.cz\/#website","name":"Sun berg","url":"https:\/\/www.sunberg.cz","potentialAction":{"@type":"SearchAction","target":"https:\/\/www.sunberg.cz\/?s={search_term_string}","query-input":"required name=search_term_string"}}]