[{"@context":"https:\/\/schema.org\/","@type":"Article","@id":"https:\/\/www.sunberg.cz\/bazen-pro-deti\/#Article","mainEntityOfPage":"https:\/\/www.sunberg.cz\/bazen-pro-deti\/","headline":"Baz\u00e9n pro d\u011bti","name":"Baz\u00e9n pro d\u011bti","description":"Cht\u011bli byste baz\u00e9n na m\u00edru s n\u00edzkou cenou Bazenygluc? Pokud ano, tak to si p\u0159ipravte tedy velk\u00e9 pen\u00edze. Proto\u017ee v\u0161echno, co je na m\u00edru, tak stoj\u00ed velk\u00e9 pen\u00edze. Pamatuji si toti\u017e, jak jsme si d\u011blali doma kuchy\u0148 na m\u00edru. Mus\u00edm \u0159\u00edct, \u017ee jsem si p\u0159edstavovala cenu o n\u011bco ni\u017e\u0161\u00ed. Tak\u017ee si mysl\u00edm, \u017ee jsme tak t\u0159icet tis\u00edc korun p\u0159eplatili. A tohle neznamen\u00e1 jenom p\u0159i v\u00fdrob\u011b kuchyn\u011b na m\u00edru. Tohle pat\u0159\u00ed<div class=\"belowpost\"><a class=\"btnmore\" href=\"https:\/\/www.sunberg.cz\/bazen-pro-deti\/\">\u010c\u00edst d\u00e1le<\/a><\/div>","datePublished":"2022-07-09","dateModified":"2023-05-10","author":{"@type":"Person","@id":"https:\/\/www.sunberg.cz\/author\/#Person","name":"","url":"https:\/\/www.sunberg.cz\/author\/","identifier":1,"image":{"@type":"ImageObject","@id":"https:\/\/secure.gravatar.com\/avatar\/0dc285cbe86eecc8073f119fcb2e2c7032b51533f5bb47611c7d4a598558b8b7?s=96&d=mm&r=g","url":"https:\/\/secure.gravatar.com\/avatar\/0dc285cbe86eecc8073f119fcb2e2c7032b51533f5bb47611c7d4a598558b8b7?s=96&d=mm&r=g","height":96,"width":96}},"publisher":{"@type":"Organization","name":"sunberg.cz","logo":{"@type":"ImageObject","@id":"\/logo.png","url":"\/logo.png","width":600,"height":60}},"image":{"@type":"ImageObject","@id":"https:\/\/www.sunberg.cz\/wp-content\/uploads\/young-swimmer-gcbe676c2a_1920_1.jpg","url":"https:\/\/www.sunberg.cz\/wp-content\/uploads\/young-swimmer-gcbe676c2a_1920_1.jpg","height":0,"width":0},"url":"https:\/\/www.sunberg.cz\/bazen-pro-deti\/","about":["N\u00e1kupy"],"wordCount":457,"articleBody":"      Cht\u011bli byste baz\u00e9n na m\u00edru s n\u00edzkou cenou Bazenygluc? Pokud ano, tak to si p\u0159ipravte tedy velk\u00e9 pen\u00edze. Proto\u017ee v\u0161echno, co je na m\u00edru, tak stoj\u00ed velk\u00e9 pen\u00edze. Pamatuji si toti\u017e, jak jsme si d\u011blali doma kuchy\u0148 na m\u00edru. Mus\u00edm \u0159\u00edct, \u017ee jsem si p\u0159edstavovala cenu o n\u011bco ni\u017e\u0161\u00ed. Tak\u017ee si mysl\u00edm, \u017ee jsme tak t\u0159icet tis\u00edc korun p\u0159eplatili. A tohle neznamen\u00e1 jenom p\u0159i v\u00fdrob\u011b kuchyn\u011b na m\u00edru. Tohle pat\u0159\u00ed tak\u00e9 p\u0159i baz\u00e9nu na m\u00edru. Proto\u017ee baz\u00e9n na m\u00edru je tak\u00e9 velmi drah\u00fd. A j\u00e1 si mysl\u00edm, \u017ee baz\u00e9n na m\u00edru jenom m\u00e1 takovou cenu, \u017ee si to ani mo\u017en\u00e1 nedok\u00e1\u017eete p\u0159edstavit. Proto\u017ee pokud si koup\u00edte v obchod\u011b klasick\u00fd baz\u00e9n, tak v\u00e1s vyjde t\u0159eba na dva anebo t\u0159i tis\u00edce korun.A pokud budete cht\u00edt baz\u00e9n na m\u00edru, tak cena bude vy\u0161\u0161\u00ed. Bude t\u0159eba dra\u017e\u0161\u00ed o p\u011bt tis\u00edc korun. A i kdy\u017e se v\u00e1m baz\u00e9n bude zd\u00e1t \u00fapln\u011b stejn\u00fd, tak nebude. Proto\u017ee vy budete m\u00edt baz\u00e9n na m\u00edru, tak\u017ee jeho cena se od toho bude vyv\u00edjet. Jak jsem ji\u017e zm\u00ednila, tak v\u0161echno, co je na m\u00edru, je velmi drah\u00e9. Proto\u017ee si s t\u00edm dal v\u00fdrobce opravdu velkou pr\u00e1ci. Vy jim d\u00e1te n\u011bjak\u00e9 m\u00edry a oni v\u00e1m ud\u011blaj\u00ed v\u0161echno, co si p\u0159ejete. Tohle plat\u00ed taky u t\u011bch zm\u00edn\u011bn\u00fdch baz\u00e9n\u016f. Ale zase na druhou stranu se v\u00e1m to vyplat\u00ed v tom, \u017ee budete m\u00edt v\u0161echno perfektn\u011b do detailu ud\u011blan\u00e9. Tak\u017ee se nemus\u00edte b\u00e1t, \u017ee byste se ob\u00e1vali, \u017ee v\u00e1m baz\u00e9n n\u011bkam nebude zapadat. M\u016f\u017eete ho m\u00edt opravdu ve skv\u011bl\u00e9m designu, jak\u00fd si p\u0159ejete. J\u00e1 tedy sama mus\u00edm \u0159\u00edct, \u017ee bych si baz\u00e9n na m\u00edru nevzala, proto\u017ee je to na m\u011b velmi drah\u00e9. Nicm\u00e9n\u011b ale jsou lid\u00e9, kte\u0159\u00ed maj\u00ed pen\u00edze nav\u00edc a moc si p\u0159eji m\u00edt baz\u00e9n na m\u00edru na zahrad\u011b. A nezaj\u00edm\u00e1 je t\u0159eba a ani v\u016fbec cena. Pro n\u011bkoho je cena n\u011bkdy jenom v\u00e1\u017en\u011b jenom \u010d\u00edslo. Pro m\u011b bohu\u017eel ne. J\u00e1 se mus\u00edm \u0159\u00eddit prvn\u011b cenou a potom mohou koukat na to, jak onen baz\u00e9n vypad\u00e1. A vy m\u00e1te doma jak\u00fd baz\u00e9n? Nebo \u017e\u00e1dn\u00fd nem\u00e1te? N\u011bkdo o baz\u00e9n ani nestoj\u00ed.                                                                                                                                                                                                                                                                                                                                                                                          4.7\/5 - (9 votes)        "},{"@context":"https:\/\/schema.org\/","@type":"BreadcrumbList","itemListElement":[{"@type":"ListItem","position":1,"name":"Baz\u00e9n pro d\u011bti","item":"https:\/\/www.sunberg.cz\/bazen-pro-deti\/#breadcrumbitem"}]}]